{"id":1181,"date":"2023-08-18T07:10:50","date_gmt":"2023-08-18T07:10:50","guid":{"rendered":"https:\/\/www.perfilstar.com\/?p=1181"},"modified":"2024-12-13T07:49:39","modified_gmt":"2024-12-13T07:49:39","slug":"paneles-de-madera-para-pared-en-sabadell-encuentra-tu-estilo","status":"publish","type":"post","link":"https:\/\/www.perfilstar.com\/fr\/paneles-de-madera-para-pared-en-sabadell-encuentra-tu-estilo\/","title":{"rendered":"Paneles de madera para pared en Sabadell: Encuentra tu estilo"},"content":{"rendered":"<p>Cuando se trata de la decoraci\u00f3n de interiores, la elecci\u00f3n de los materiales adecuados es esencial para crear el ambiente deseado. Una opci\u00f3n que ha captado la atenci\u00f3n de los amantes del dise\u00f1o y la est\u00e9tica son los <a href=\"https:\/\/www.perfilstar.com\/fr\/productos\/paneles\/\"><strong>paneles de madera para pared en Sabadell<\/strong><\/a>. Estos elementos vers\u00e1tiles no solo agregan calidez y textura a los espacios, sino que tambi\u00e9n ofrecen una amplia variedad de estilos para adaptarse a tus preferencias personales, sin importar si tu gusto tiende hacia lo cl\u00e1sico o lo contempor\u00e1neo.<\/p>\n\n\n\n<figure class=\"wp-block-gallery has-nested-images columns-default is-cropped wp-block-gallery-1 is-layout-flex wp-block-gallery-is-layout-flex\">\n<figure class=\"wp-block-image size-large\"><img loading=\"lazy\" decoding=\"async\" width=\"768\" height=\"1024\" data-id=\"1794\" src=\"https:\/\/www.perfilstar.com\/wp-content\/uploads\/2023\/08\/302-p693-768x1024.jpg\" alt=\"\" class=\"wp-image-1794\" srcset=\"https:\/\/www.perfilstar.com\/wp-content\/uploads\/2023\/08\/302-p693-768x1024.jpg 768w, https:\/\/www.perfilstar.com\/wp-content\/uploads\/2023\/08\/302-p693-225x300.jpg 225w, https:\/\/www.perfilstar.com\/wp-content\/uploads\/2023\/08\/302-p693-1152x1536.jpg 1152w, https:\/\/www.perfilstar.com\/wp-content\/uploads\/2023\/08\/302-p693-9x12.jpg 9w, https:\/\/www.perfilstar.com\/wp-content\/uploads\/2023\/08\/302-p693.jpg 1536w\" sizes=\"auto, (max-width: 768px) 100vw, 768px\" \/><\/figure>\n<\/figure>\n\n\n\n<h2 class=\"wp-block-heading\"><strong>La variedad de estilos en paneles de madera para pared<\/strong><\/h2>\n\n\n\n<p>Los <strong>paneles de madera para pared en Sabadell<\/strong> son mucho m\u00e1s que simples revestimientos. Son una forma de expresi\u00f3n art\u00edstica y un medio para definir la personalidad de un espacio. La gran ventaja radica en la diversidad de estilos que estos paneles pueden ofrecer, permiti\u00e9ndote encontrar exactamente lo que necesitas para que tus interiores reflejen tu estilo de vida y gustos.<\/p>\n\n\n\n<ul class=\"wp-block-list\">\n<li>Desde lo c\u00e1sico hasta lo contempor\u00e1neo: \u00bfEres un apasionado de los dise\u00f1os cl\u00e1sicos que evocan \u00e9pocas pasadas? Los paneles de madera para pared en estilo cl\u00e1sico pueden transformar tus espacios en elegantes salas con un toque atemporal. Por otro lado, si te atraen las tendencias contempor\u00e1neas y vanguardistas, los paneles de madera modernos en Sabadell pueden a\u00f1adir una dosis de estilo y frescura a tus ambientes.<\/li>\n\n\n\n<li>Detalles decorativos y patrones: Si buscas a\u00f1adir un toque de extravagancia a tus paredes, los paneles de madera decorativos en Sabadell pueden ser la elecci\u00f3n perfecta. Estos paneles a menudo presentan intrincados patrones y detalles tallados que a\u00f1aden un factor sorpresa a cualquier habitaci\u00f3n.<\/li>\n\n\n\n<li>Texturas y acabados: Los paneles de madera para pared tambi\u00e9n se destacan por sus variados acabados y texturas. Puedes optar por maderas m\u00e1s rugosas y r\u00fasticas para lograr una sensaci\u00f3n de autenticidad, o seleccionar paneles con acabados m\u00e1s suaves y pulidos para un aspecto m\u00e1s refinado.<\/li>\n<\/ul>\n\n\n\n<p>La belleza de <strong>los paneles de madera para pared en Sabadell<\/strong> reside en su capacidad de personalizaci\u00f3n. Con una amplia gama de opciones a tu disposici\u00f3n, puedes explorar diferentes estilos y combinarlos para lograr un enfoque \u00fanico que represente tu identidad y gusto personal. Ya sea que desees crear un ambiente c\u00e1lido y tradicional en tu hogar o un espacio sofisticado en tu lugar de trabajo, los paneles de madera se adaptan a tus necesidades.<\/p>\n\n\n\n<p>Los <strong>paneles de madera para pared en Sabadell<\/strong> son mucho m\u00e1s que simples elementos de decoraci\u00f3n. Buscan la expresi\u00f3n y estilo que permiten a los habitantes y dise\u00f1adores de interiores transformar sus espacios en reflejos aut\u00e9nticos de sus gustos personales. Desde lo cl\u00e1sico hasta lo contempor\u00e1neo, los paneles de madera para pared ofrecen una amplia variedad de opciones para adaptarse a cada preferencia estil\u00edstica. Sum\u00e9rgete en el mundo de la decoraci\u00f3n con paneles de madera y da vida a tus paredes de manera \u00fanica y memorable.<\/p>","protected":false},"excerpt":{"rendered":"<p>Cuando se trata de la decoraci\u00f3n de interiores, la elecci\u00f3n de los materiales adecuados es esencial para crear el ambiente deseado. Una opci\u00f3n que ha captado la atenci\u00f3n de los amantes del dise\u00f1o y la est\u00e9tica son los paneles de madera para pared en Sabadell. Estos elementos vers\u00e1tiles no solo agregan calidez y textura a&#8230;<\/p>","protected":false},"author":2,"featured_media":1763,"comment_status":"closed","ping_status":"closed","sticky":false,"template":"","format":"standard","meta":{"_kad_blocks_custom_css":"","_kad_blocks_head_custom_js":"","_kad_blocks_body_custom_js":"","_kad_blocks_footer_custom_js":"","_kad_post_transparent":"","_kad_post_title":"","_kad_post_layout":"","_kad_post_sidebar_id":"","_kad_post_content_style":"","_kad_post_vertical_padding":"","_kad_post_feature":"","_kad_post_feature_position":"","_kad_post_header":false,"_kad_post_footer":false,"footnotes":""},"categories":[15],"tags":[14],"class_list":["post-1181","post","type-post","status-publish","format-standard","has-post-thumbnail","hentry","category-paneles-de-madera-para-pared","tag-paneles-de-madera-para-pared"],"yoast_head":"<!-- This site is optimized with the Yoast SEO plugin v21.2 - https:\/\/yoast.com\/wordpress\/plugins\/seo\/ -->\n<title>Paneles de madera para pared en Sabadell: Encuentra tu estilo - Perfilstar<\/title>\n<meta name=\"robots\" content=\"index, follow, max-snippet:-1, max-image-preview:large, max-video-preview:-1\" \/>\n<link rel=\"canonical\" href=\"https:\/\/www.perfilstar.com\/fr\/paneles-de-madera-para-pared-en-sabadell-encuentra-tu-estilo\/\" \/>\n<meta property=\"og:locale\" content=\"fr_FR\" \/>\n<meta property=\"og:type\" content=\"article\" \/>\n<meta property=\"og:title\" content=\"Paneles de madera para pared en Sabadell: Encuentra tu estilo - Perfilstar\" \/>\n<meta property=\"og:description\" content=\"Cuando se trata de la decoraci\u00f3n de interiores, la elecci\u00f3n de los materiales adecuados es esencial para crear el ambiente deseado. Una opci\u00f3n que ha captado la atenci\u00f3n de los amantes del dise\u00f1o y la est\u00e9tica son los paneles de madera para pared en Sabadell. Estos elementos vers\u00e1tiles no solo agregan calidez y textura a...\" \/>\n<meta property=\"og:url\" content=\"https:\/\/www.perfilstar.com\/fr\/paneles-de-madera-para-pared-en-sabadell-encuentra-tu-estilo\/\" \/>\n<meta property=\"og:site_name\" content=\"Perfilstar\" \/>\n<meta property=\"article:published_time\" content=\"2023-08-18T07:10:50+00:00\" \/>\n<meta property=\"article:modified_time\" content=\"2024-12-13T07:49:39+00:00\" \/>\n<meta property=\"og:image\" content=\"https:\/\/www.perfilstar.com\/wp-content\/uploads\/2024\/02\/302-p693-sofa-scaled.jpg\" \/>\n\t<meta property=\"og:image:width\" content=\"2059\" \/>\n\t<meta property=\"og:image:height\" content=\"2560\" \/>\n\t<meta property=\"og:image:type\" content=\"image\/jpeg\" \/>\n<meta name=\"author\" content=\"PERFILSTAR\" \/>\n<meta name=\"twitter:card\" content=\"summary_large_image\" \/>\n<meta name=\"twitter:label1\" content=\"\u00c9crit par\" \/>\n\t<meta name=\"twitter:data1\" content=\"PERFILSTAR\" \/>\n\t<meta name=\"twitter:label2\" content=\"Dur\u00e9e de lecture estim\u00e9e\" \/>\n\t<meta name=\"twitter:data2\" content=\"3 minutes\" \/>\n<script type=\"application\/ld+json\" class=\"yoast-schema-graph\">{\"@context\":\"https:\/\/schema.org\",\"@graph\":[{\"@type\":\"Article\",\"@id\":\"https:\/\/www.perfilstar.com\/paneles-de-madera-para-pared-en-sabadell-encuentra-tu-estilo\/#article\",\"isPartOf\":{\"@id\":\"https:\/\/www.perfilstar.com\/paneles-de-madera-para-pared-en-sabadell-encuentra-tu-estilo\/\"},\"author\":{\"name\":\"PERFILSTAR\",\"@id\":\"https:\/\/www.perfilstar.com\/#\/schema\/person\/cf0d45498afb02feb42510a03c1e9b06\"},\"headline\":\"Paneles de madera para pared en Sabadell: Encuentra tu estilo\",\"datePublished\":\"2023-08-18T07:10:50+00:00\",\"dateModified\":\"2024-12-13T07:49:39+00:00\",\"mainEntityOfPage\":{\"@id\":\"https:\/\/www.perfilstar.com\/paneles-de-madera-para-pared-en-sabadell-encuentra-tu-estilo\/\"},\"wordCount\":526,\"publisher\":{\"@id\":\"https:\/\/www.perfilstar.com\/#organization\"},\"keywords\":[\"Paneles de madera para pared\"],\"articleSection\":[\"Paneles de madera para pared\"],\"inLanguage\":\"fr-FR\"},{\"@type\":\"WebPage\",\"@id\":\"https:\/\/www.perfilstar.com\/paneles-de-madera-para-pared-en-sabadell-encuentra-tu-estilo\/\",\"url\":\"https:\/\/www.perfilstar.com\/paneles-de-madera-para-pared-en-sabadell-encuentra-tu-estilo\/\",\"name\":\"Paneles de madera para pared en Sabadell: Encuentra tu estilo - Perfilstar\",\"isPartOf\":{\"@id\":\"https:\/\/www.perfilstar.com\/#website\"},\"datePublished\":\"2023-08-18T07:10:50+00:00\",\"dateModified\":\"2024-12-13T07:49:39+00:00\",\"breadcrumb\":{\"@id\":\"https:\/\/www.perfilstar.com\/paneles-de-madera-para-pared-en-sabadell-encuentra-tu-estilo\/#breadcrumb\"},\"inLanguage\":\"fr-FR\",\"potentialAction\":[{\"@type\":\"ReadAction\",\"target\":[\"https:\/\/www.perfilstar.com\/paneles-de-madera-para-pared-en-sabadell-encuentra-tu-estilo\/\"]}]},{\"@type\":\"BreadcrumbList\",\"@id\":\"https:\/\/www.perfilstar.com\/paneles-de-madera-para-pared-en-sabadell-encuentra-tu-estilo\/#breadcrumb\",\"itemListElement\":[{\"@type\":\"ListItem\",\"position\":1,\"name\":\"Portada\",\"item\":\"https:\/\/www.perfilstar.com\/\"},{\"@type\":\"ListItem\",\"position\":2,\"name\":\"Paneles de madera para pared en Sabadell: Encuentra tu estilo\"}]},{\"@type\":\"WebSite\",\"@id\":\"https:\/\/www.perfilstar.com\/#website\",\"url\":\"https:\/\/www.perfilstar.com\/\",\"name\":\"Perfilstar\",\"description\":\"Fabricante de rodapi\u00e9s y juntas de mdf para tarimas de madera, laminadas y vin\u00edlicas de lvt. Rodapi\u00e9 y perfiles de uni\u00f3n para parquet.\",\"publisher\":{\"@id\":\"https:\/\/www.perfilstar.com\/#organization\"},\"potentialAction\":[{\"@type\":\"SearchAction\",\"target\":{\"@type\":\"EntryPoint\",\"urlTemplate\":\"https:\/\/www.perfilstar.com\/?s={search_term_string}\"},\"query-input\":\"required name=search_term_string\"}],\"inLanguage\":\"fr-FR\"},{\"@type\":\"Organization\",\"@id\":\"https:\/\/www.perfilstar.com\/#organization\",\"name\":\"Perfilstar\",\"url\":\"https:\/\/www.perfilstar.com\/\",\"logo\":{\"@type\":\"ImageObject\",\"inLanguage\":\"fr-FR\",\"@id\":\"https:\/\/www.perfilstar.com\/#\/schema\/logo\/image\/\",\"url\":\"https:\/\/www.perfilstar.com\/wp-content\/uploads\/2023\/04\/logo.png\",\"contentUrl\":\"https:\/\/www.perfilstar.com\/wp-content\/uploads\/2023\/04\/logo.png\",\"width\":223,\"height\":28,\"caption\":\"Perfilstar\"},\"image\":{\"@id\":\"https:\/\/www.perfilstar.com\/#\/schema\/logo\/image\/\"}},{\"@type\":\"Person\",\"@id\":\"https:\/\/www.perfilstar.com\/#\/schema\/person\/cf0d45498afb02feb42510a03c1e9b06\",\"name\":\"PERFILSTAR\",\"url\":\"https:\/\/www.perfilstar.com\/fr\/author\/soporte\/\"}]}<\/script>\n<!-- \/ Yoast SEO plugin. -->","yoast_head_json":{"title":"Paneles de madera para pared en Sabadell: Encuentra tu estilo - Perfilstar","robots":{"index":"index","follow":"follow","max-snippet":"max-snippet:-1","max-image-preview":"max-image-preview:large","max-video-preview":"max-video-preview:-1"},"canonical":"https:\/\/www.perfilstar.com\/fr\/paneles-de-madera-para-pared-en-sabadell-encuentra-tu-estilo\/","og_locale":"fr_FR","og_type":"article","og_title":"Paneles de madera para pared en Sabadell: Encuentra tu estilo - Perfilstar","og_description":"Cuando se trata de la decoraci\u00f3n de interiores, la elecci\u00f3n de los materiales adecuados es esencial para crear el ambiente deseado. Una opci\u00f3n que ha captado la atenci\u00f3n de los amantes del dise\u00f1o y la est\u00e9tica son los paneles de madera para pared en Sabadell. Estos elementos vers\u00e1tiles no solo agregan calidez y textura a...","og_url":"https:\/\/www.perfilstar.com\/fr\/paneles-de-madera-para-pared-en-sabadell-encuentra-tu-estilo\/","og_site_name":"Perfilstar","article_published_time":"2023-08-18T07:10:50+00:00","article_modified_time":"2024-12-13T07:49:39+00:00","og_image":[{"width":2059,"height":2560,"url":"https:\/\/www.perfilstar.com\/wp-content\/uploads\/2024\/02\/302-p693-sofa-scaled.jpg","type":"image\/jpeg"}],"author":"PERFILSTAR","twitter_card":"summary_large_image","twitter_misc":{"\u00c9crit par":"PERFILSTAR","Dur\u00e9e de lecture estim\u00e9e":"3 minutes"},"schema":{"@context":"https:\/\/schema.org","@graph":[{"@type":"Article","@id":"https:\/\/www.perfilstar.com\/paneles-de-madera-para-pared-en-sabadell-encuentra-tu-estilo\/#article","isPartOf":{"@id":"https:\/\/www.perfilstar.com\/paneles-de-madera-para-pared-en-sabadell-encuentra-tu-estilo\/"},"author":{"name":"PERFILSTAR","@id":"https:\/\/www.perfilstar.com\/#\/schema\/person\/cf0d45498afb02feb42510a03c1e9b06"},"headline":"Paneles de madera para pared en Sabadell: Encuentra tu estilo","datePublished":"2023-08-18T07:10:50+00:00","dateModified":"2024-12-13T07:49:39+00:00","mainEntityOfPage":{"@id":"https:\/\/www.perfilstar.com\/paneles-de-madera-para-pared-en-sabadell-encuentra-tu-estilo\/"},"wordCount":526,"publisher":{"@id":"https:\/\/www.perfilstar.com\/#organization"},"keywords":["Paneles de madera para pared"],"articleSection":["Paneles de madera para pared"],"inLanguage":"fr-FR"},{"@type":"WebPage","@id":"https:\/\/www.perfilstar.com\/paneles-de-madera-para-pared-en-sabadell-encuentra-tu-estilo\/","url":"https:\/\/www.perfilstar.com\/paneles-de-madera-para-pared-en-sabadell-encuentra-tu-estilo\/","name":"Paneles de madera para pared en Sabadell: Encuentra tu estilo - Perfilstar","isPartOf":{"@id":"https:\/\/www.perfilstar.com\/#website"},"datePublished":"2023-08-18T07:10:50+00:00","dateModified":"2024-12-13T07:49:39+00:00","breadcrumb":{"@id":"https:\/\/www.perfilstar.com\/paneles-de-madera-para-pared-en-sabadell-encuentra-tu-estilo\/#breadcrumb"},"inLanguage":"fr-FR","potentialAction":[{"@type":"ReadAction","target":["https:\/\/www.perfilstar.com\/paneles-de-madera-para-pared-en-sabadell-encuentra-tu-estilo\/"]}]},{"@type":"BreadcrumbList","@id":"https:\/\/www.perfilstar.com\/paneles-de-madera-para-pared-en-sabadell-encuentra-tu-estilo\/#breadcrumb","itemListElement":[{"@type":"ListItem","position":1,"name":"Portada","item":"https:\/\/www.perfilstar.com\/"},{"@type":"ListItem","position":2,"name":"Paneles de madera para pared en Sabadell: Encuentra tu estilo"}]},{"@type":"WebSite","@id":"https:\/\/www.perfilstar.com\/#website","url":"https:\/\/www.perfilstar.com\/","name":"Perfilstar","description":"Fabricante de rodapi\u00e9s y juntas de mdf para tarimas de madera, laminadas y vin\u00edlicas de lvt. Rodapi\u00e9 y perfiles de uni\u00f3n para parquet.","publisher":{"@id":"https:\/\/www.perfilstar.com\/#organization"},"potentialAction":[{"@type":"SearchAction","target":{"@type":"EntryPoint","urlTemplate":"https:\/\/www.perfilstar.com\/?s={search_term_string}"},"query-input":"required name=search_term_string"}],"inLanguage":"fr-FR"},{"@type":"Organization","@id":"https:\/\/www.perfilstar.com\/#organization","name":"Perfilstar","url":"https:\/\/www.perfilstar.com\/","logo":{"@type":"ImageObject","inLanguage":"fr-FR","@id":"https:\/\/www.perfilstar.com\/#\/schema\/logo\/image\/","url":"https:\/\/www.perfilstar.com\/wp-content\/uploads\/2023\/04\/logo.png","contentUrl":"https:\/\/www.perfilstar.com\/wp-content\/uploads\/2023\/04\/logo.png","width":223,"height":28,"caption":"Perfilstar"},"image":{"@id":"https:\/\/www.perfilstar.com\/#\/schema\/logo\/image\/"}},{"@type":"Person","@id":"https:\/\/www.perfilstar.com\/#\/schema\/person\/cf0d45498afb02feb42510a03c1e9b06","name":"PERFILSTAR","url":"https:\/\/www.perfilstar.com\/fr\/author\/soporte\/"}]}},"featured_image_src_large":["https:\/\/www.perfilstar.com\/wp-content\/uploads\/2024\/02\/302-p693-sofa-823x1024.jpg",823,1024,true],"author_info":{"display_name":"PERFILSTAR","author_link":"https:\/\/www.perfilstar.com\/fr\/author\/soporte\/"},"comment_info":0,"category_info":[{"term_id":15,"name":"Paneles de madera para pared","slug":"paneles-de-madera-para-pared","term_group":0,"term_taxonomy_id":15,"taxonomy":"category","description":"","parent":0,"count":3,"filter":"raw","cat_ID":15,"category_count":3,"category_description":"","cat_name":"Paneles de madera para pared","category_nicename":"paneles-de-madera-para-pared","category_parent":0}],"tag_info":[{"term_id":14,"name":"Paneles de madera para pared","slug":"paneles-de-madera-para-pared","term_group":0,"term_taxonomy_id":14,"taxonomy":"post_tag","description":"","parent":0,"count":2,"filter":"raw"}],"taxonomy_info":{"category":[{"value":15,"label":"Paneles de madera para pared"}],"post_tag":[{"value":14,"label":"Paneles de madera para pared"}]},"_links":{"self":[{"href":"https:\/\/www.perfilstar.com\/fr\/wp-json\/wp\/v2\/posts\/1181","targetHints":{"allow":["GET"]}}],"collection":[{"href":"https:\/\/www.perfilstar.com\/fr\/wp-json\/wp\/v2\/posts"}],"about":[{"href":"https:\/\/www.perfilstar.com\/fr\/wp-json\/wp\/v2\/types\/post"}],"author":[{"embeddable":true,"href":"https:\/\/www.perfilstar.com\/fr\/wp-json\/wp\/v2\/users\/2"}],"replies":[{"embeddable":true,"href":"https:\/\/www.perfilstar.com\/fr\/wp-json\/wp\/v2\/comments?post=1181"}],"version-history":[{"count":3,"href":"https:\/\/www.perfilstar.com\/fr\/wp-json\/wp\/v2\/posts\/1181\/revisions"}],"predecessor-version":[{"id":1795,"href":"https:\/\/www.perfilstar.com\/fr\/wp-json\/wp\/v2\/posts\/1181\/revisions\/1795"}],"wp:featuredmedia":[{"embeddable":true,"href":"https:\/\/www.perfilstar.com\/fr\/wp-json\/wp\/v2\/media\/1763"}],"wp:attachment":[{"href":"https:\/\/www.perfilstar.com\/fr\/wp-json\/wp\/v2\/media?parent=1181"}],"wp:term":[{"taxonomy":"category","embeddable":true,"href":"https:\/\/www.perfilstar.com\/fr\/wp-json\/wp\/v2\/categories?post=1181"},{"taxonomy":"post_tag","embeddable":true,"href":"https:\/\/www.perfilstar.com\/fr\/wp-json\/wp\/v2\/tags?post=1181"}],"curies":[{"name":"wp","href":"https:\/\/api.w.org\/{rel}","templated":true}]}}