{"id":1176,"date":"2023-08-14T06:51:22","date_gmt":"2023-08-14T06:51:22","guid":{"rendered":"https:\/\/www.perfilstar.com\/?p=1176"},"modified":"2024-12-13T07:51:20","modified_gmt":"2024-12-13T07:51:20","slug":"eleva-la-estetica-de-tus-espacios-paneles-de-madera-para-pared-de-perfilstar","status":"publish","type":"post","link":"https:\/\/www.perfilstar.com\/fr\/eleva-la-estetica-de-tus-espacios-paneles-de-madera-para-pared-de-perfilstar\/","title":{"rendered":"Eleva la est\u00e9tica de tus espacios: Paneles de madera para pared de Perfilstar"},"content":{"rendered":"<p>La b\u00fasqueda de formas innovadoras y creativas para transformar nuestros espacios y otorgarles una nueva vida es una constante en el mundo del dise\u00f1o y la decoraci\u00f3n. Entre las numerosas opciones disponibles, los <a href=\"https:\/\/www.perfilstar.com\/fr\/productos\/paneles\/\"><strong>paneles de madera para pared<\/strong><\/a> han emergido como una soluci\u00f3n elegante y vers\u00e1til que puede elevar la est\u00e9tica de cualquier entorno. En este sentido, Perfilstar se enorgullece de presentar su excepcional colecci\u00f3n de paneles de madera, una manera de a\u00f1adir calidez y distinci\u00f3n a tus ambientes.<\/p>\n\n\n\n<p>Los <strong>paneles de madera para pared<\/strong> son mucho m\u00e1s que una simple cobertura. Son una expresi\u00f3n de la naturaleza misma, incorporando la belleza y la textura \u00fanicas que solo la madera puede ofrecer. La versatilidad de estos paneles radica en su capacidad para adaptarse a diversos estilos, desde lo r\u00fastico y tradicional hasta lo moderno y contempor\u00e1neo. Ya sea que desees crear un ambiente acogedor en tu hogar o un espacio sofisticado en tu lugar de trabajo, los <strong>paneles de madera para pared<\/strong> pueden cumplir tus deseos est\u00e9ticos.<\/p>\n\n\n\n<figure class=\"wp-block-gallery has-nested-images columns-default is-cropped wp-block-gallery-1 is-layout-flex wp-block-gallery-is-layout-flex\">\n<figure class=\"wp-block-image size-large\"><img loading=\"lazy\" decoding=\"async\" width=\"823\" height=\"1024\" data-id=\"1763\" src=\"https:\/\/www.perfilstar.com\/wp-content\/uploads\/2024\/02\/302-p693-sofa-823x1024.jpg\" alt=\"\" class=\"wp-image-1763\" srcset=\"https:\/\/www.perfilstar.com\/wp-content\/uploads\/2024\/02\/302-p693-sofa-823x1024.jpg 823w, https:\/\/www.perfilstar.com\/wp-content\/uploads\/2024\/02\/302-p693-sofa-241x300.jpg 241w, https:\/\/www.perfilstar.com\/wp-content\/uploads\/2024\/02\/302-p693-sofa-768x955.jpg 768w, https:\/\/www.perfilstar.com\/wp-content\/uploads\/2024\/02\/302-p693-sofa-1235x1536.jpg 1235w, https:\/\/www.perfilstar.com\/wp-content\/uploads\/2024\/02\/302-p693-sofa-1647x2048.jpg 1647w, https:\/\/www.perfilstar.com\/wp-content\/uploads\/2024\/02\/302-p693-sofa-10x12.jpg 10w\" sizes=\"auto, (max-width: 823px) 100vw, 823px\" \/><\/figure>\n<\/figure>\n\n\n\n<h2 class=\"wp-block-heading\"><strong>Ventajas de elegir paneles de madera para pared <\/strong><\/h2>\n\n\n\n<ol style=\"list-style-type:1\" class=\"wp-block-list\">\n<li>Calidez y autenticidad: Los paneles de madera a\u00f1aden una calidez innegable a cualquier espacio. Su apariencia natural y aut\u00e9ntica crea un ambiente acogedor y agradable, invitando a las personas a sentirse c\u00f3modas y relajadas en el entorno.<\/li>\n\n\n\n<li>Variedad de dise\u00f1os y acabados: Perfilstar ofrece una amplia gama de paneles de madera con diversos dise\u00f1os y acabados. Desde maderas claras hasta tonos oscuros y patrones \u00fanicos, encontrar\u00e1s la opci\u00f3n perfecta para combinar con tu estilo y visi\u00f3n.<\/li>\n\n\n\n<li>Durabilidad y longevidad: La madera es un material conocido por su durabilidad y resistencia. Los paneles de madera de Perfilstar est\u00e1n dise\u00f1ados para perdurar a lo largo del tiempo, manteniendo su belleza y calidad a lo largo de los a\u00f1os.<\/li>\n\n\n\n<li>F\u00e1cil Instalaci\u00f3n: Con la experiencia y tecnolog\u00eda de Perfilstar, la instalaci\u00f3n de los paneles de madera en tu pared se vuelve un proceso sencillo y eficiente. Esto permite que puedas disfrutar r\u00e1pidamente de la transformaci\u00f3n de tus espacios.<\/li>\n<\/ol>\n\n\n\n<p>Cuando se trata de elevar la est\u00e9tica de tus espacios, los <strong>paneles de madera para pared<\/strong> de Perfilstar se presentan como una elecci\u00f3n excepcional. No solo a\u00f1aden la elegancia natural de la madera, sino que tambi\u00e9n ofrecen ventajas en durabilidad, dise\u00f1o y facilidad de instalaci\u00f3n. Si est\u00e1s buscando una manera de infundir calidez y autenticidad en tus ambientes, los paneles de madera para pared son la soluci\u00f3n perfecta. Descubre la amplia colecci\u00f3n de Perfilstar y transforma tus espacios en testimonios visuales de distinci\u00f3n y estilo.<\/p>","protected":false},"excerpt":{"rendered":"<p>La b\u00fasqueda de formas innovadoras y creativas para transformar nuestros espacios y otorgarles una nueva vida es una constante en el mundo del dise\u00f1o y la decoraci\u00f3n. Entre las numerosas opciones disponibles, los paneles de madera para pared han emergido como una soluci\u00f3n elegante y vers\u00e1til que puede elevar la est\u00e9tica de cualquier entorno. En&#8230;<\/p>","protected":false},"author":2,"featured_media":0,"comment_status":"closed","ping_status":"closed","sticky":false,"template":"","format":"standard","meta":{"_kad_blocks_custom_css":"","_kad_blocks_head_custom_js":"","_kad_blocks_body_custom_js":"","_kad_blocks_footer_custom_js":"","_kad_post_transparent":"","_kad_post_title":"","_kad_post_layout":"","_kad_post_sidebar_id":"","_kad_post_content_style":"","_kad_post_vertical_padding":"","_kad_post_feature":"","_kad_post_feature_position":"","_kad_post_header":false,"_kad_post_footer":false,"footnotes":""},"categories":[15],"tags":[14],"class_list":["post-1176","post","type-post","status-publish","format-standard","hentry","category-paneles-de-madera-para-pared","tag-paneles-de-madera-para-pared"],"yoast_head":"<!-- This site is optimized with the Yoast SEO plugin v21.2 - https:\/\/yoast.com\/wordpress\/plugins\/seo\/ -->\n<title>Eleva la est\u00e9tica de tus espacios: Paneles de madera para pared de Perfilstar - Perfilstar<\/title>\n<meta name=\"robots\" content=\"index, follow, max-snippet:-1, max-image-preview:large, max-video-preview:-1\" \/>\n<link rel=\"canonical\" href=\"https:\/\/www.perfilstar.com\/fr\/eleva-la-estetica-de-tus-espacios-paneles-de-madera-para-pared-de-perfilstar\/\" \/>\n<meta property=\"og:locale\" content=\"fr_FR\" \/>\n<meta property=\"og:type\" content=\"article\" \/>\n<meta property=\"og:title\" content=\"Eleva la est\u00e9tica de tus espacios: Paneles de madera para pared de Perfilstar - Perfilstar\" \/>\n<meta property=\"og:description\" content=\"La b\u00fasqueda de formas innovadoras y creativas para transformar nuestros espacios y otorgarles una nueva vida es una constante en el mundo del dise\u00f1o y la decoraci\u00f3n. Entre las numerosas opciones disponibles, los paneles de madera para pared han emergido como una soluci\u00f3n elegante y vers\u00e1til que puede elevar la est\u00e9tica de cualquier entorno. En...\" \/>\n<meta property=\"og:url\" content=\"https:\/\/www.perfilstar.com\/fr\/eleva-la-estetica-de-tus-espacios-paneles-de-madera-para-pared-de-perfilstar\/\" \/>\n<meta property=\"og:site_name\" content=\"Perfilstar\" \/>\n<meta property=\"article:published_time\" content=\"2023-08-14T06:51:22+00:00\" \/>\n<meta property=\"article:modified_time\" content=\"2024-12-13T07:51:20+00:00\" \/>\n<meta property=\"og:image\" content=\"https:\/\/www.perfilstar.com\/wp-content\/uploads\/2024\/02\/302-p693-sofa-823x1024.jpg\" \/>\n<meta name=\"author\" content=\"PERFILSTAR\" \/>\n<meta name=\"twitter:card\" content=\"summary_large_image\" \/>\n<meta name=\"twitter:label1\" content=\"\u00c9crit par\" \/>\n\t<meta name=\"twitter:data1\" content=\"PERFILSTAR\" \/>\n\t<meta name=\"twitter:label2\" content=\"Dur\u00e9e de lecture estim\u00e9e\" \/>\n\t<meta name=\"twitter:data2\" content=\"3 minutes\" \/>\n<script type=\"application\/ld+json\" class=\"yoast-schema-graph\">{\"@context\":\"https:\/\/schema.org\",\"@graph\":[{\"@type\":\"Article\",\"@id\":\"https:\/\/www.perfilstar.com\/eleva-la-estetica-de-tus-espacios-paneles-de-madera-para-pared-de-perfilstar\/#article\",\"isPartOf\":{\"@id\":\"https:\/\/www.perfilstar.com\/eleva-la-estetica-de-tus-espacios-paneles-de-madera-para-pared-de-perfilstar\/\"},\"author\":{\"name\":\"PERFILSTAR\",\"@id\":\"https:\/\/www.perfilstar.com\/#\/schema\/person\/cf0d45498afb02feb42510a03c1e9b06\"},\"headline\":\"Eleva la est\u00e9tica de tus espacios: Paneles de madera para pared de Perfilstar\",\"datePublished\":\"2023-08-14T06:51:22+00:00\",\"dateModified\":\"2024-12-13T07:51:20+00:00\",\"mainEntityOfPage\":{\"@id\":\"https:\/\/www.perfilstar.com\/eleva-la-estetica-de-tus-espacios-paneles-de-madera-para-pared-de-perfilstar\/\"},\"wordCount\":469,\"publisher\":{\"@id\":\"https:\/\/www.perfilstar.com\/#organization\"},\"keywords\":[\"Paneles de madera para pared\"],\"articleSection\":[\"Paneles de madera para pared\"],\"inLanguage\":\"fr-FR\"},{\"@type\":\"WebPage\",\"@id\":\"https:\/\/www.perfilstar.com\/eleva-la-estetica-de-tus-espacios-paneles-de-madera-para-pared-de-perfilstar\/\",\"url\":\"https:\/\/www.perfilstar.com\/eleva-la-estetica-de-tus-espacios-paneles-de-madera-para-pared-de-perfilstar\/\",\"name\":\"Eleva la est\u00e9tica de tus espacios: Paneles de madera para pared de Perfilstar - Perfilstar\",\"isPartOf\":{\"@id\":\"https:\/\/www.perfilstar.com\/#website\"},\"datePublished\":\"2023-08-14T06:51:22+00:00\",\"dateModified\":\"2024-12-13T07:51:20+00:00\",\"breadcrumb\":{\"@id\":\"https:\/\/www.perfilstar.com\/eleva-la-estetica-de-tus-espacios-paneles-de-madera-para-pared-de-perfilstar\/#breadcrumb\"},\"inLanguage\":\"fr-FR\",\"potentialAction\":[{\"@type\":\"ReadAction\",\"target\":[\"https:\/\/www.perfilstar.com\/eleva-la-estetica-de-tus-espacios-paneles-de-madera-para-pared-de-perfilstar\/\"]}]},{\"@type\":\"BreadcrumbList\",\"@id\":\"https:\/\/www.perfilstar.com\/eleva-la-estetica-de-tus-espacios-paneles-de-madera-para-pared-de-perfilstar\/#breadcrumb\",\"itemListElement\":[{\"@type\":\"ListItem\",\"position\":1,\"name\":\"Portada\",\"item\":\"https:\/\/www.perfilstar.com\/\"},{\"@type\":\"ListItem\",\"position\":2,\"name\":\"Eleva la est\u00e9tica de tus espacios: Paneles de madera para pared de Perfilstar\"}]},{\"@type\":\"WebSite\",\"@id\":\"https:\/\/www.perfilstar.com\/#website\",\"url\":\"https:\/\/www.perfilstar.com\/\",\"name\":\"Perfilstar\",\"description\":\"Fabricante de rodapi\u00e9s y juntas de mdf para tarimas de madera, laminadas y vin\u00edlicas de lvt. Rodapi\u00e9 y perfiles de uni\u00f3n para parquet.\",\"publisher\":{\"@id\":\"https:\/\/www.perfilstar.com\/#organization\"},\"potentialAction\":[{\"@type\":\"SearchAction\",\"target\":{\"@type\":\"EntryPoint\",\"urlTemplate\":\"https:\/\/www.perfilstar.com\/?s={search_term_string}\"},\"query-input\":\"required name=search_term_string\"}],\"inLanguage\":\"fr-FR\"},{\"@type\":\"Organization\",\"@id\":\"https:\/\/www.perfilstar.com\/#organization\",\"name\":\"Perfilstar\",\"url\":\"https:\/\/www.perfilstar.com\/\",\"logo\":{\"@type\":\"ImageObject\",\"inLanguage\":\"fr-FR\",\"@id\":\"https:\/\/www.perfilstar.com\/#\/schema\/logo\/image\/\",\"url\":\"https:\/\/www.perfilstar.com\/wp-content\/uploads\/2023\/04\/logo.png\",\"contentUrl\":\"https:\/\/www.perfilstar.com\/wp-content\/uploads\/2023\/04\/logo.png\",\"width\":223,\"height\":28,\"caption\":\"Perfilstar\"},\"image\":{\"@id\":\"https:\/\/www.perfilstar.com\/#\/schema\/logo\/image\/\"}},{\"@type\":\"Person\",\"@id\":\"https:\/\/www.perfilstar.com\/#\/schema\/person\/cf0d45498afb02feb42510a03c1e9b06\",\"name\":\"PERFILSTAR\",\"url\":\"https:\/\/www.perfilstar.com\/fr\/author\/soporte\/\"}]}<\/script>\n<!-- \/ Yoast SEO plugin. -->","yoast_head_json":{"title":"Eleva la est\u00e9tica de tus espacios: Paneles de madera para pared de Perfilstar - Perfilstar","robots":{"index":"index","follow":"follow","max-snippet":"max-snippet:-1","max-image-preview":"max-image-preview:large","max-video-preview":"max-video-preview:-1"},"canonical":"https:\/\/www.perfilstar.com\/fr\/eleva-la-estetica-de-tus-espacios-paneles-de-madera-para-pared-de-perfilstar\/","og_locale":"fr_FR","og_type":"article","og_title":"Eleva la est\u00e9tica de tus espacios: Paneles de madera para pared de Perfilstar - Perfilstar","og_description":"La b\u00fasqueda de formas innovadoras y creativas para transformar nuestros espacios y otorgarles una nueva vida es una constante en el mundo del dise\u00f1o y la decoraci\u00f3n. Entre las numerosas opciones disponibles, los paneles de madera para pared han emergido como una soluci\u00f3n elegante y vers\u00e1til que puede elevar la est\u00e9tica de cualquier entorno. En...","og_url":"https:\/\/www.perfilstar.com\/fr\/eleva-la-estetica-de-tus-espacios-paneles-de-madera-para-pared-de-perfilstar\/","og_site_name":"Perfilstar","article_published_time":"2023-08-14T06:51:22+00:00","article_modified_time":"2024-12-13T07:51:20+00:00","og_image":[{"url":"https:\/\/www.perfilstar.com\/wp-content\/uploads\/2024\/02\/302-p693-sofa-823x1024.jpg"}],"author":"PERFILSTAR","twitter_card":"summary_large_image","twitter_misc":{"\u00c9crit par":"PERFILSTAR","Dur\u00e9e de lecture estim\u00e9e":"3 minutes"},"schema":{"@context":"https:\/\/schema.org","@graph":[{"@type":"Article","@id":"https:\/\/www.perfilstar.com\/eleva-la-estetica-de-tus-espacios-paneles-de-madera-para-pared-de-perfilstar\/#article","isPartOf":{"@id":"https:\/\/www.perfilstar.com\/eleva-la-estetica-de-tus-espacios-paneles-de-madera-para-pared-de-perfilstar\/"},"author":{"name":"PERFILSTAR","@id":"https:\/\/www.perfilstar.com\/#\/schema\/person\/cf0d45498afb02feb42510a03c1e9b06"},"headline":"Eleva la est\u00e9tica de tus espacios: Paneles de madera para pared de Perfilstar","datePublished":"2023-08-14T06:51:22+00:00","dateModified":"2024-12-13T07:51:20+00:00","mainEntityOfPage":{"@id":"https:\/\/www.perfilstar.com\/eleva-la-estetica-de-tus-espacios-paneles-de-madera-para-pared-de-perfilstar\/"},"wordCount":469,"publisher":{"@id":"https:\/\/www.perfilstar.com\/#organization"},"keywords":["Paneles de madera para pared"],"articleSection":["Paneles de madera para pared"],"inLanguage":"fr-FR"},{"@type":"WebPage","@id":"https:\/\/www.perfilstar.com\/eleva-la-estetica-de-tus-espacios-paneles-de-madera-para-pared-de-perfilstar\/","url":"https:\/\/www.perfilstar.com\/eleva-la-estetica-de-tus-espacios-paneles-de-madera-para-pared-de-perfilstar\/","name":"Eleva la est\u00e9tica de tus espacios: Paneles de madera para pared de Perfilstar - Perfilstar","isPartOf":{"@id":"https:\/\/www.perfilstar.com\/#website"},"datePublished":"2023-08-14T06:51:22+00:00","dateModified":"2024-12-13T07:51:20+00:00","breadcrumb":{"@id":"https:\/\/www.perfilstar.com\/eleva-la-estetica-de-tus-espacios-paneles-de-madera-para-pared-de-perfilstar\/#breadcrumb"},"inLanguage":"fr-FR","potentialAction":[{"@type":"ReadAction","target":["https:\/\/www.perfilstar.com\/eleva-la-estetica-de-tus-espacios-paneles-de-madera-para-pared-de-perfilstar\/"]}]},{"@type":"BreadcrumbList","@id":"https:\/\/www.perfilstar.com\/eleva-la-estetica-de-tus-espacios-paneles-de-madera-para-pared-de-perfilstar\/#breadcrumb","itemListElement":[{"@type":"ListItem","position":1,"name":"Portada","item":"https:\/\/www.perfilstar.com\/"},{"@type":"ListItem","position":2,"name":"Eleva la est\u00e9tica de tus espacios: Paneles de madera para pared de Perfilstar"}]},{"@type":"WebSite","@id":"https:\/\/www.perfilstar.com\/#website","url":"https:\/\/www.perfilstar.com\/","name":"Perfilstar","description":"Fabricante de rodapi\u00e9s y juntas de mdf para tarimas de madera, laminadas y vin\u00edlicas de lvt. Rodapi\u00e9 y perfiles de uni\u00f3n para parquet.","publisher":{"@id":"https:\/\/www.perfilstar.com\/#organization"},"potentialAction":[{"@type":"SearchAction","target":{"@type":"EntryPoint","urlTemplate":"https:\/\/www.perfilstar.com\/?s={search_term_string}"},"query-input":"required name=search_term_string"}],"inLanguage":"fr-FR"},{"@type":"Organization","@id":"https:\/\/www.perfilstar.com\/#organization","name":"Perfilstar","url":"https:\/\/www.perfilstar.com\/","logo":{"@type":"ImageObject","inLanguage":"fr-FR","@id":"https:\/\/www.perfilstar.com\/#\/schema\/logo\/image\/","url":"https:\/\/www.perfilstar.com\/wp-content\/uploads\/2023\/04\/logo.png","contentUrl":"https:\/\/www.perfilstar.com\/wp-content\/uploads\/2023\/04\/logo.png","width":223,"height":28,"caption":"Perfilstar"},"image":{"@id":"https:\/\/www.perfilstar.com\/#\/schema\/logo\/image\/"}},{"@type":"Person","@id":"https:\/\/www.perfilstar.com\/#\/schema\/person\/cf0d45498afb02feb42510a03c1e9b06","name":"PERFILSTAR","url":"https:\/\/www.perfilstar.com\/fr\/author\/soporte\/"}]}},"featured_image_src_large":false,"author_info":{"display_name":"PERFILSTAR","author_link":"https:\/\/www.perfilstar.com\/fr\/author\/soporte\/"},"comment_info":0,"category_info":[{"term_id":15,"name":"Paneles de madera para pared","slug":"paneles-de-madera-para-pared","term_group":0,"term_taxonomy_id":15,"taxonomy":"category","description":"","parent":0,"count":3,"filter":"raw","cat_ID":15,"category_count":3,"category_description":"","cat_name":"Paneles de madera para pared","category_nicename":"paneles-de-madera-para-pared","category_parent":0}],"tag_info":[{"term_id":14,"name":"Paneles de madera para pared","slug":"paneles-de-madera-para-pared","term_group":0,"term_taxonomy_id":14,"taxonomy":"post_tag","description":"","parent":0,"count":2,"filter":"raw"}],"taxonomy_info":{"category":[{"value":15,"label":"Paneles de madera para pared"}],"post_tag":[{"value":14,"label":"Paneles de madera para pared"}]},"_links":{"self":[{"href":"https:\/\/www.perfilstar.com\/fr\/wp-json\/wp\/v2\/posts\/1176","targetHints":{"allow":["GET"]}}],"collection":[{"href":"https:\/\/www.perfilstar.com\/fr\/wp-json\/wp\/v2\/posts"}],"about":[{"href":"https:\/\/www.perfilstar.com\/fr\/wp-json\/wp\/v2\/types\/post"}],"author":[{"embeddable":true,"href":"https:\/\/www.perfilstar.com\/fr\/wp-json\/wp\/v2\/users\/2"}],"replies":[{"embeddable":true,"href":"https:\/\/www.perfilstar.com\/fr\/wp-json\/wp\/v2\/comments?post=1176"}],"version-history":[{"count":3,"href":"https:\/\/www.perfilstar.com\/fr\/wp-json\/wp\/v2\/posts\/1176\/revisions"}],"predecessor-version":[{"id":1796,"href":"https:\/\/www.perfilstar.com\/fr\/wp-json\/wp\/v2\/posts\/1176\/revisions\/1796"}],"wp:attachment":[{"href":"https:\/\/www.perfilstar.com\/fr\/wp-json\/wp\/v2\/media?parent=1176"}],"wp:term":[{"taxonomy":"category","embeddable":true,"href":"https:\/\/www.perfilstar.com\/fr\/wp-json\/wp\/v2\/categories?post=1176"},{"taxonomy":"post_tag","embeddable":true,"href":"https:\/\/www.perfilstar.com\/fr\/wp-json\/wp\/v2\/tags?post=1176"}],"curies":[{"name":"wp","href":"https:\/\/api.w.org\/{rel}","templated":true}]}}